{"id":720,"date":"2023-07-10T16:09:29","date_gmt":"2023-07-10T14:09:29","guid":{"rendered":"https:\/\/konferencja.wieliczka.eu\/?p=720"},"modified":"2023-07-10T16:09:31","modified_gmt":"2023-07-10T14:09:31","slug":"miedzynarodowy-wymiar-wspolpracy-biznesu-nauki-i-samorzadu","status":"publish","type":"post","link":"https:\/\/konferencja.wieliczka.eu\/?p=720","title":{"rendered":"MI\u0118DZYNARODOWY WYMIAR WSP\u00d3\u0141PRACY BIZNESU, NAUKI I SAMORZ\u0104DU"},"content":{"rendered":"\n<p>Wracamy pami\u0119ci\u0105 do czerwcowych spotka\u0144 w Wieliczce, gdzie odby\u0142a si\u0119 Mi\u0119dzynarodowa Konferencja Samorz\u0105d 6.0. Rozmowy podczas jednego z paneli tematycznych w czasie pierwszego dnia wydarzenia dotyczy\u0142y wsp\u00f3\u0142pracy nauki biznesu i samorz\u0105du na poziomie mi\u0119dzynarodowym w oparciu o zasady zr\u00f3wnowa\u017conego rozwoju.<\/p>\n\n\n\n<p>W dyskusji wzi\u0119li udzia\u0142 prelegenci, uczestnicy konferencji reprezentuj\u0105cy Rumuni\u0119, Niemcy, Polsk\u0119, Ukrain\u0119 i <a><\/a>W\u0142ochy. W gronie dyskutant\u00f3w znale\u017ali si\u0119: Silvia Gosewinkel &#8211; reprezentantka Landtagu Bergkamen w Niemczech, Tomasz Filipow &#8211; Prezes Zarz\u0105du wywodz\u0105cej si\u0119 z Wieliczki firmy informatycznej Diskus, Igor Iwanowicz Polownikow &#8211; Prezydent Ukrai\u0144skiej Technologicznej Akademii w Kijowie, prof. Gabriele Pao-Pei Andreoli &#8211; Prezydent Instytutu Studi\u00f3w Zaawansowanych i Wsp\u00f3\u0142pracy w Rzymie, Sergiu Petrea &#8211; Wiceprezes Rumu\u0144skiego Stowarzyszenia na rzecz Zr\u00f3wnowa\u017conego Rozwoju oraz Arpad Todor &#8211; Koordynator ds. polityk publicznych w Ministerstwie Spraw Zagranicznych Rumunii.<\/p>\n\n\n\n<p>Rozm\u00f3wcy przedstawili swoje w\u0142asne do\u015bwiadczenia zwi\u0105zane z realizacj\u0105 Cel\u00f3w Zr\u00f3wnowa\u017conego Rozwoju (SDGs) w organizacjach reprezentuj\u0105cych nauk\u0119, biznes i samorz\u0105d.<\/p>\n\n\n\n<p>Okre\u015blono g\u0142\u00f3wne wyzwania dzia\u0142alno\u015bci r\u00f3\u017cnych organizacji z ca\u0142ego \u015bwiata w zakresie wdra\u017cania SDGs. Zwr\u00f3cono tak\u017ce uwag\u0119 jak zr\u00f3wnowa\u017cony rozw\u00f3j wp\u0142ywa na ich wielowymiarow\u0105 dzia\u0142alno\u015b\u0107 i umo\u017cliwia wsp\u00f3\u0142prac\u0119 na wielu poziomach, wskazuj\u0105c jednocze\u015bnie rol\u0119 jak\u0105 odgrywa przej\u015bcie w kierunku zr\u00f3wnowa\u017conej przysz\u0142o\u015bci.<\/p>\n\n\n\n<p>Mi\u0119dzynarodow\u0105 debat\u0119 poprowadzi\u0142 Prezes Europejskiego Instytutu Zr\u00f3wnowa\u017conego Rozwoju Marius Galbenusa z Rumunii.<\/p>\n\n\n\n<figure class=\"wp-block-gallery has-nested-images columns-default is-cropped wp-block-gallery-1 is-layout-flex wp-block-gallery-is-layout-flex\">\n<figure class=\"wp-block-image size-large\"><img decoding=\"async\" data-id=\"722\" src=\"data:image\/gif;base64,R0lGODlhAQABAAAAACH5BAEKAAEALAAAAAABAAEAAAICTAEAOw==\" data-layzr=\"https:\/\/konferencja.wieliczka.eu\/wp-content\/uploads\/2023\/07\/IMG_7375-1024x683.jpg\" alt=\"\" class=\"wp-image-722\"\/><\/figure>\n\n\n\n<figure class=\"wp-block-image size-large\"><img decoding=\"async\" data-id=\"725\" src=\"data:image\/gif;base64,R0lGODlhAQABAAAAACH5BAEKAAEALAAAAAABAAEAAAICTAEAOw==\" data-layzr=\"https:\/\/konferencja.wieliczka.eu\/wp-content\/uploads\/2023\/07\/IMG_7381-1024x683.jpg\" alt=\"\" class=\"wp-image-725\"\/><\/figure>\n\n\n\n<figure class=\"wp-block-image size-large\"><img decoding=\"async\" data-id=\"723\" src=\"data:image\/gif;base64,R0lGODlhAQABAAAAACH5BAEKAAEALAAAAAABAAEAAAICTAEAOw==\" data-layzr=\"https:\/\/konferencja.wieliczka.eu\/wp-content\/uploads\/2023\/07\/IMG_7384-1024x683.jpg\" alt=\"\" class=\"wp-image-723\"\/><\/figure>\n\n\n\n<figure class=\"wp-block-image size-large\"><img decoding=\"async\" data-id=\"724\" src=\"data:image\/gif;base64,R0lGODlhAQABAAAAACH5BAEKAAEALAAAAAABAAEAAAICTAEAOw==\" data-layzr=\"https:\/\/konferencja.wieliczka.eu\/wp-content\/uploads\/2023\/07\/IMG_7386-1024x683.jpg\" alt=\"\" class=\"wp-image-724\"\/><\/figure>\n\n\n\n<figure class=\"wp-block-image size-large\"><img decoding=\"async\" data-id=\"729\" src=\"data:image\/gif;base64,R0lGODlhAQABAAAAACH5BAEKAAEALAAAAAABAAEAAAICTAEAOw==\" data-layzr=\"https:\/\/konferencja.wieliczka.eu\/wp-content\/uploads\/2023\/07\/IMG_7392-1024x683.jpg\" alt=\"\" class=\"wp-image-729\"\/><\/figure>\n\n\n\n<figure class=\"wp-block-image size-large\"><img decoding=\"async\" data-id=\"726\" src=\"data:image\/gif;base64,R0lGODlhAQABAAAAACH5BAEKAAEALAAAAAABAAEAAAICTAEAOw==\" data-layzr=\"https:\/\/konferencja.wieliczka.eu\/wp-content\/uploads\/2023\/07\/IMG_7396-1024x683.jpg\" alt=\"\" class=\"wp-image-726\"\/><\/figure>\n\n\n\n<figure class=\"wp-block-image size-large\"><img decoding=\"async\" data-id=\"728\" src=\"data:image\/gif;base64,R0lGODlhAQABAAAAACH5BAEKAAEALAAAAAABAAEAAAICTAEAOw==\" data-layzr=\"https:\/\/konferencja.wieliczka.eu\/wp-content\/uploads\/2023\/07\/IMG_7401-1024x683.jpg\" alt=\"\" class=\"wp-image-728\"\/><\/figure>\n\n\n\n<figure class=\"wp-block-image size-large\"><img decoding=\"async\" data-id=\"727\" src=\"data:image\/gif;base64,R0lGODlhAQABAAAAACH5BAEKAAEALAAAAAABAAEAAAICTAEAOw==\" data-layzr=\"https:\/\/konferencja.wieliczka.eu\/wp-content\/uploads\/2023\/07\/IMG_7407-1024x683.jpg\" alt=\"\" class=\"wp-image-727\"\/><\/figure>\n<\/figure>\n","protected":false},"excerpt":{"rendered":"<p>Wracamy pami\u0119ci\u0105 do czerwcowych spotka\u0144 w Wieliczce, gdzie odby\u0142a si\u0119 Mi\u0119dzynarodowa Konferencja Samorz\u0105d 6.0. Rozmowy podczas jednego z paneli tematycznych w czasie pierwszego dnia wydarzenia dotyczy\u0142y wsp\u00f3\u0142pracy nauki biznesu i samorz\u0105du na poziomie mi\u0119dzynarodowym w oparciu o zasady zr\u00f3wnowa\u017conego rozwoju. W dyskusji wzi\u0119li udzia\u0142 prelegenci, uczestnicy konferencji reprezentuj\u0105cy Rumuni\u0119, Niemcy, Polsk\u0119, Ukrain\u0119 i W\u0142ochy. W &hellip; <\/p>\n","protected":false},"author":2,"featured_media":721,"comment_status":"closed","ping_status":"open","sticky":false,"template":"","format":"standard","meta":{"ngg_post_thumbnail":0,"footnotes":""},"categories":[1],"tags":[],"class_list":["post-720","post","type-post","status-publish","format-standard","has-post-thumbnail","hentry","category-aktualnosci","latest_post"],"_links":{"self":[{"href":"https:\/\/konferencja.wieliczka.eu\/index.php?rest_route=\/wp\/v2\/posts\/720","targetHints":{"allow":["GET"]}}],"collection":[{"href":"https:\/\/konferencja.wieliczka.eu\/index.php?rest_route=\/wp\/v2\/posts"}],"about":[{"href":"https:\/\/konferencja.wieliczka.eu\/index.php?rest_route=\/wp\/v2\/types\/post"}],"author":[{"embeddable":true,"href":"https:\/\/konferencja.wieliczka.eu\/index.php?rest_route=\/wp\/v2\/users\/2"}],"replies":[{"embeddable":true,"href":"https:\/\/konferencja.wieliczka.eu\/index.php?rest_route=%2Fwp%2Fv2%2Fcomments&post=720"}],"version-history":[{"count":1,"href":"https:\/\/konferencja.wieliczka.eu\/index.php?rest_route=\/wp\/v2\/posts\/720\/revisions"}],"predecessor-version":[{"id":730,"href":"https:\/\/konferencja.wieliczka.eu\/index.php?rest_route=\/wp\/v2\/posts\/720\/revisions\/730"}],"wp:featuredmedia":[{"embeddable":true,"href":"https:\/\/konferencja.wieliczka.eu\/index.php?rest_route=\/wp\/v2\/media\/721"}],"wp:attachment":[{"href":"https:\/\/konferencja.wieliczka.eu\/index.php?rest_route=%2Fwp%2Fv2%2Fmedia&parent=720"}],"wp:term":[{"taxonomy":"category","embeddable":true,"href":"https:\/\/konferencja.wieliczka.eu\/index.php?rest_route=%2Fwp%2Fv2%2Fcategories&post=720"},{"taxonomy":"post_tag","embeddable":true,"href":"https:\/\/konferencja.wieliczka.eu\/index.php?rest_route=%2Fwp%2Fv2%2Ftags&post=720"}],"curies":[{"name":"wp","href":"https:\/\/api.w.org\/{rel}","templated":true}]}}