{"id":469,"date":"2023-04-13T12:22:49","date_gmt":"2023-04-13T10:22:49","guid":{"rendered":"https:\/\/konferencja.wieliczka.eu\/?p=469"},"modified":"2023-04-13T13:00:39","modified_gmt":"2023-04-13T11:00:39","slug":"spotkanie-na-uniwersytecie-ekonomicznym-w-krakowie","status":"publish","type":"post","link":"https:\/\/konferencja.wieliczka.eu\/?p=469","title":{"rendered":"Spotkanie cz\u0142onk\u00f3w Rady Naukowej konferencji na Uniwersytecie Ekonomicznym w Krakowie"},"content":{"rendered":"\n<p>Podczas spotkania na Uniwersytecie Ekonomicznym w Krakowie, z udzia\u0142em prof. dr hab. Stanis\u0142awa Mazura &#8211; Rektora Uniwersytetu Ekonomicznego, Dziekana Kolegium Nauk o Zarz\u0105dzaniu i Jako\u015bci UEK &#8211; prof. dr hab. Bernarda Zi\u0119bickiego, a tak\u017ce prof. dr hab. Wojciech Czakona kierownika Katedry Zarz\u0105dzania Strategicznego na Wydziale Zarz\u0105dzania i Komunikacji Spo\u0142ecznej Uniwersytetu Jagiello\u0144skiego oraz prof. dr hab. Zbigniew Makie\u0142y &#8211;  zosta\u0142y uzgodnione i om\u00f3wione kwestie dotycz\u0105ce programu Mi\u0119dzynarodowej Konferencji pn. \u201eSamorz\u0105d 6.0. Rozw\u00f3j spo\u0142eczny, Us\u0142ugi gospodarcze, Nowoczesne finanse\u201d, kt\u00f3ra odb\u0119dzie si\u0119 w Wieliczce w czerwcu 2023 roku. Kierujemy zaproszenie do udzia\u0142u w konferencji do przedstawicieli \u015bwiata nauki, biznesu i samorz\u0105du; w najbli\u017cszym czasie zostanie uruchomiona mo\u017cliwo\u015b\u0107 rejestracji uczestnik\u00f3w. Miasto i Gmina Wieliczka pozostaj\u0105c organizatorem konferencji podj\u0119\u0142o partnersk\u0105 wsp\u00f3\u0142prac\u0119 w zakresie realizacji paneli dyskusyjnych wsp\u00f3lnie z Uniwersytetem Ekonomicznym oraz Uniwersytetem Jagiello\u0144skim.<\/p>\n\n\n\n<figure class=\"wp-block-image size-full\"><img decoding=\"async\" src=\"data:image\/gif;base64,R0lGODlhAQABAAAAACH5BAEKAAEALAAAAAABAAEAAAICTAEAOw==\" data-layzr=\"https:\/\/konferencja.wieliczka.eu\/wp-content\/uploads\/2023\/04\/328693854_1373093626841768_373648139748083659_n.jpg\" alt=\"\" class=\"wp-image-480\"\/><\/figure>\n","protected":false},"excerpt":{"rendered":"<p>Podczas spotkania na Uniwersytecie Ekonomicznym w Krakowie, z udzia\u0142em prof. dr hab. Stanis\u0142awa Mazura &#8211; Rektora Uniwersytetu Ekonomicznego, Dziekana Kolegium Nauk o Zarz\u0105dzaniu i Jako\u015bci UEK &#8211; prof. dr hab. Bernarda Zi\u0119bickiego, a tak\u017ce prof. dr hab. Wojciech Czakona kierownika Katedry Zarz\u0105dzania Strategicznego na Wydziale Zarz\u0105dzania i Komunikacji Spo\u0142ecznej Uniwersytetu Jagiello\u0144skiego oraz prof. dr hab. &hellip; <\/p>\n","protected":false},"author":2,"featured_media":480,"comment_status":"closed","ping_status":"open","sticky":false,"template":"","format":"standard","meta":{"ngg_post_thumbnail":0,"footnotes":""},"categories":[1],"tags":[],"class_list":["post-469","post","type-post","status-publish","format-standard","has-post-thumbnail","hentry","category-aktualnosci","latest_post"],"_links":{"self":[{"href":"https:\/\/konferencja.wieliczka.eu\/index.php?rest_route=\/wp\/v2\/posts\/469","targetHints":{"allow":["GET"]}}],"collection":[{"href":"https:\/\/konferencja.wieliczka.eu\/index.php?rest_route=\/wp\/v2\/posts"}],"about":[{"href":"https:\/\/konferencja.wieliczka.eu\/index.php?rest_route=\/wp\/v2\/types\/post"}],"author":[{"embeddable":true,"href":"https:\/\/konferencja.wieliczka.eu\/index.php?rest_route=\/wp\/v2\/users\/2"}],"replies":[{"embeddable":true,"href":"https:\/\/konferencja.wieliczka.eu\/index.php?rest_route=%2Fwp%2Fv2%2Fcomments&post=469"}],"version-history":[{"count":2,"href":"https:\/\/konferencja.wieliczka.eu\/index.php?rest_route=\/wp\/v2\/posts\/469\/revisions"}],"predecessor-version":[{"id":530,"href":"https:\/\/konferencja.wieliczka.eu\/index.php?rest_route=\/wp\/v2\/posts\/469\/revisions\/530"}],"wp:featuredmedia":[{"embeddable":true,"href":"https:\/\/konferencja.wieliczka.eu\/index.php?rest_route=\/wp\/v2\/media\/480"}],"wp:attachment":[{"href":"https:\/\/konferencja.wieliczka.eu\/index.php?rest_route=%2Fwp%2Fv2%2Fmedia&parent=469"}],"wp:term":[{"taxonomy":"category","embeddable":true,"href":"https:\/\/konferencja.wieliczka.eu\/index.php?rest_route=%2Fwp%2Fv2%2Fcategories&post=469"},{"taxonomy":"post_tag","embeddable":true,"href":"https:\/\/konferencja.wieliczka.eu\/index.php?rest_route=%2Fwp%2Fv2%2Ftags&post=469"}],"curies":[{"name":"wp","href":"https:\/\/api.w.org\/{rel}","templated":true}]}}